{"id":2855,"date":"2023-07-03T17:42:17","date_gmt":"2023-07-03T15:42:17","guid":{"rendered":"https:\/\/filmsenoff.com\/?p=2855"},"modified":"2023-07-03T17:42:17","modified_gmt":"2023-07-03T15:42:17","slug":"badia-el-curtmetratge","status":"publish","type":"post","link":"https:\/\/filmsenoff.com\/es\/badia-el-curtmetratge\/","title":{"rendered":"Badia el Curtmetratge"},"content":{"rendered":"<p>Aquest 12 de juliol, comen\u00e7ar\u00e0 el rodatge del curtmetratge Badia del director Marcel Buisan. Un curtmetratge en el que hi participem com a part de la producci\u00f3.<\/p>\n<p>Badia \u00e9s un projecte de curtmetratge de ficci\u00f3 en clau de cinema negre, ambientat als anys 20 i 30, durant la 2a Rep\u00fablica. Segueix a Miquel Badia (1906 -1936), membre d\u2019Estat Catal\u00e0, Cap dels serveis d\u2019ordre p\u00fablic de la Generalitat i un dels l\u00edders dels fets d\u2019octubre de 1934.<\/p>\n<p>&nbsp;<\/p>\n<p><strong>Sinopsis del projecte<\/strong><\/p>\n<p>Miquel Badia, un jove independentista radical catal\u00e0, \u00e9s detingut per formar part d\u2019un complot per atemptar contra el Rei Alfons XIII.<\/p>\n<p>Poc temps despr\u00e9s de sortir de la pres\u00f3, el partit en el qual milita integra la coalici\u00f3 que ha portat la Rep\u00fablica a Catalunya: Esquerra Republicana de Catalunya.<\/p>\n<p>Amb les noves responsabilitats de govern, Miquel entrar\u00e0 en una arrauxada espiral, on haur\u00e0 de triar entre els ideals i la pol\u00edtica, creant-se nous enemics i lluitant per un amor prohibit.<\/p>\n","protected":false},"excerpt":{"rendered":"<p>Aquest 12 de juliol, comen\u00e7ar\u00e0 el rodatge del curtmetratge Badia [&hellip;]<\/p>\n","protected":false},"author":1,"featured_media":2853,"comment_status":"open","ping_status":"open","sticky":false,"template":"","format":"standard","meta":{"footnotes":""},"categories":[44],"tags":[],"class_list":["post-2855","post","type-post","status-publish","format-standard","has-post-thumbnail","hentry","category-novetats-es"],"yoast_head":"<!-- This site is optimized with the Yoast SEO plugin v24.7 - https:\/\/yoast.com\/wordpress\/plugins\/seo\/ -->\n<title>Badia el Curtmetratge - FILMS EN OFF<\/title>\n<meta name=\"robots\" content=\"index, follow, max-snippet:-1, max-image-preview:large, max-video-preview:-1\" \/>\n<link rel=\"canonical\" href=\"https:\/\/filmsenoff.com\/es\/badia-el-curtmetratge\/\" \/>\n<meta property=\"og:locale\" content=\"es_ES\" \/>\n<meta property=\"og:type\" content=\"article\" \/>\n<meta property=\"og:title\" content=\"Badia el Curtmetratge - FILMS EN OFF\" \/>\n<meta property=\"og:description\" content=\"Aquest 12 de juliol, comen\u00e7ar\u00e0 el rodatge del curtmetratge Badia [&hellip;]\" \/>\n<meta property=\"og:url\" content=\"https:\/\/filmsenoff.com\/badia-el-curtmetratge\/\" \/>\n<meta property=\"og:site_name\" content=\"FILMS EN OFF\" \/>\n<meta property=\"article:published_time\" content=\"2023-07-03T15:42:17+00:00\" \/>\n<meta property=\"og:image\" content=\"https:\/\/filmsenoff.com\/wp-content\/uploads\/2023\/07\/assassinen-miquel-badia-el-capita-collons-fotografia-de-miquel-badia-font-enciclopedia.jpeg\" \/>\n\t<meta property=\"og:image:width\" content=\"1900\" \/>\n\t<meta property=\"og:image:height\" content=\"2237\" \/>\n\t<meta property=\"og:image:type\" content=\"image\/jpeg\" \/>\n<meta name=\"author\" content=\"admin\" \/>\n<meta name=\"twitter:card\" content=\"summary_large_image\" \/>\n<meta name=\"twitter:label1\" content=\"Escrito por\" \/>\n\t<meta name=\"twitter:data1\" content=\"admin\" \/>\n\t<meta name=\"twitter:label2\" content=\"Tiempo de lectura\" \/>\n\t<meta name=\"twitter:data2\" content=\"1 minuto\" \/>\n<script type=\"application\/ld+json\" class=\"yoast-schema-graph\">{\"@context\":\"https:\/\/schema.org\",\"@graph\":[{\"@type\":\"WebPage\",\"@id\":\"https:\/\/filmsenoff.com\/badia-el-curtmetratge\/\",\"url\":\"https:\/\/filmsenoff.com\/badia-el-curtmetratge\/\",\"name\":\"Badia el Curtmetratge - FILMS EN OFF\",\"isPartOf\":{\"@id\":\"https:\/\/filmsenoff.com\/#website\"},\"primaryImageOfPage\":{\"@id\":\"https:\/\/filmsenoff.com\/badia-el-curtmetratge\/#primaryimage\"},\"image\":{\"@id\":\"https:\/\/filmsenoff.com\/badia-el-curtmetratge\/#primaryimage\"},\"thumbnailUrl\":\"https:\/\/filmsenoff.com\/wp-content\/uploads\/2023\/07\/assassinen-miquel-badia-el-capita-collons-fotografia-de-miquel-badia-font-enciclopedia.jpeg\",\"datePublished\":\"2023-07-03T15:42:17+00:00\",\"author\":{\"@id\":\"https:\/\/filmsenoff.com\/#\/schema\/person\/1d6a4d39c595fcaac2f8065a915b7263\"},\"breadcrumb\":{\"@id\":\"https:\/\/filmsenoff.com\/badia-el-curtmetratge\/#breadcrumb\"},\"inLanguage\":\"es\",\"potentialAction\":[{\"@type\":\"ReadAction\",\"target\":[\"https:\/\/filmsenoff.com\/badia-el-curtmetratge\/\"]}]},{\"@type\":\"ImageObject\",\"inLanguage\":\"es\",\"@id\":\"https:\/\/filmsenoff.com\/badia-el-curtmetratge\/#primaryimage\",\"url\":\"https:\/\/filmsenoff.com\/wp-content\/uploads\/2023\/07\/assassinen-miquel-badia-el-capita-collons-fotografia-de-miquel-badia-font-enciclopedia.jpeg\",\"contentUrl\":\"https:\/\/filmsenoff.com\/wp-content\/uploads\/2023\/07\/assassinen-miquel-badia-el-capita-collons-fotografia-de-miquel-badia-font-enciclopedia.jpeg\",\"width\":1900,\"height\":2237},{\"@type\":\"BreadcrumbList\",\"@id\":\"https:\/\/filmsenoff.com\/badia-el-curtmetratge\/#breadcrumb\",\"itemListElement\":[{\"@type\":\"ListItem\",\"position\":1,\"name\":\"Portada\",\"item\":\"https:\/\/filmsenoff.com\/es\/\"},{\"@type\":\"ListItem\",\"position\":2,\"name\":\"Badia el Curtmetratge\"}]},{\"@type\":\"WebSite\",\"@id\":\"https:\/\/filmsenoff.com\/#website\",\"url\":\"https:\/\/filmsenoff.com\/\",\"name\":\"FILMS EN OFF\",\"description\":\"Creiem en el cinema\",\"potentialAction\":[{\"@type\":\"SearchAction\",\"target\":{\"@type\":\"EntryPoint\",\"urlTemplate\":\"https:\/\/filmsenoff.com\/?s={search_term_string}\"},\"query-input\":{\"@type\":\"PropertyValueSpecification\",\"valueRequired\":true,\"valueName\":\"search_term_string\"}}],\"inLanguage\":\"es\"},{\"@type\":\"Person\",\"@id\":\"https:\/\/filmsenoff.com\/#\/schema\/person\/1d6a4d39c595fcaac2f8065a915b7263\",\"name\":\"admin\",\"image\":{\"@type\":\"ImageObject\",\"inLanguage\":\"es\",\"@id\":\"https:\/\/filmsenoff.com\/#\/schema\/person\/image\/\",\"url\":\"https:\/\/secure.gravatar.com\/avatar\/3d8771e958295f415804336505f0c6faebfe16c066754f8f90e0b5a1023ffc77?s=96&d=mm&r=g\",\"contentUrl\":\"https:\/\/secure.gravatar.com\/avatar\/3d8771e958295f415804336505f0c6faebfe16c066754f8f90e0b5a1023ffc77?s=96&d=mm&r=g\",\"caption\":\"admin\"},\"sameAs\":[\"https:\/\/filmsenoff.com\"],\"url\":\"https:\/\/filmsenoff.com\/es\/author\/fims-83icvyff\/\"}]}<\/script>\n<!-- \/ Yoast SEO plugin. -->","yoast_head_json":{"title":"Badia el Curtmetratge - FILMS EN OFF","robots":{"index":"index","follow":"follow","max-snippet":"max-snippet:-1","max-image-preview":"max-image-preview:large","max-video-preview":"max-video-preview:-1"},"canonical":"https:\/\/filmsenoff.com\/es\/badia-el-curtmetratge\/","og_locale":"es_ES","og_type":"article","og_title":"Badia el Curtmetratge - FILMS EN OFF","og_description":"Aquest 12 de juliol, comen\u00e7ar\u00e0 el rodatge del curtmetratge Badia [&hellip;]","og_url":"https:\/\/filmsenoff.com\/badia-el-curtmetratge\/","og_site_name":"FILMS EN OFF","article_published_time":"2023-07-03T15:42:17+00:00","og_image":[{"width":1900,"height":2237,"url":"https:\/\/filmsenoff.com\/wp-content\/uploads\/2023\/07\/assassinen-miquel-badia-el-capita-collons-fotografia-de-miquel-badia-font-enciclopedia.jpeg","type":"image\/jpeg"}],"author":"admin","twitter_card":"summary_large_image","twitter_misc":{"Escrito por":"admin","Tiempo de lectura":"1 minuto"},"schema":{"@context":"https:\/\/schema.org","@graph":[{"@type":"WebPage","@id":"https:\/\/filmsenoff.com\/badia-el-curtmetratge\/","url":"https:\/\/filmsenoff.com\/badia-el-curtmetratge\/","name":"Badia el Curtmetratge - FILMS EN OFF","isPartOf":{"@id":"https:\/\/filmsenoff.com\/#website"},"primaryImageOfPage":{"@id":"https:\/\/filmsenoff.com\/badia-el-curtmetratge\/#primaryimage"},"image":{"@id":"https:\/\/filmsenoff.com\/badia-el-curtmetratge\/#primaryimage"},"thumbnailUrl":"https:\/\/filmsenoff.com\/wp-content\/uploads\/2023\/07\/assassinen-miquel-badia-el-capita-collons-fotografia-de-miquel-badia-font-enciclopedia.jpeg","datePublished":"2023-07-03T15:42:17+00:00","author":{"@id":"https:\/\/filmsenoff.com\/#\/schema\/person\/1d6a4d39c595fcaac2f8065a915b7263"},"breadcrumb":{"@id":"https:\/\/filmsenoff.com\/badia-el-curtmetratge\/#breadcrumb"},"inLanguage":"es","potentialAction":[{"@type":"ReadAction","target":["https:\/\/filmsenoff.com\/badia-el-curtmetratge\/"]}]},{"@type":"ImageObject","inLanguage":"es","@id":"https:\/\/filmsenoff.com\/badia-el-curtmetratge\/#primaryimage","url":"https:\/\/filmsenoff.com\/wp-content\/uploads\/2023\/07\/assassinen-miquel-badia-el-capita-collons-fotografia-de-miquel-badia-font-enciclopedia.jpeg","contentUrl":"https:\/\/filmsenoff.com\/wp-content\/uploads\/2023\/07\/assassinen-miquel-badia-el-capita-collons-fotografia-de-miquel-badia-font-enciclopedia.jpeg","width":1900,"height":2237},{"@type":"BreadcrumbList","@id":"https:\/\/filmsenoff.com\/badia-el-curtmetratge\/#breadcrumb","itemListElement":[{"@type":"ListItem","position":1,"name":"Portada","item":"https:\/\/filmsenoff.com\/es\/"},{"@type":"ListItem","position":2,"name":"Badia el Curtmetratge"}]},{"@type":"WebSite","@id":"https:\/\/filmsenoff.com\/#website","url":"https:\/\/filmsenoff.com\/","name":"FILMS EN OFF","description":"Creiem en el cinema","potentialAction":[{"@type":"SearchAction","target":{"@type":"EntryPoint","urlTemplate":"https:\/\/filmsenoff.com\/?s={search_term_string}"},"query-input":{"@type":"PropertyValueSpecification","valueRequired":true,"valueName":"search_term_string"}}],"inLanguage":"es"},{"@type":"Person","@id":"https:\/\/filmsenoff.com\/#\/schema\/person\/1d6a4d39c595fcaac2f8065a915b7263","name":"admin","image":{"@type":"ImageObject","inLanguage":"es","@id":"https:\/\/filmsenoff.com\/#\/schema\/person\/image\/","url":"https:\/\/secure.gravatar.com\/avatar\/3d8771e958295f415804336505f0c6faebfe16c066754f8f90e0b5a1023ffc77?s=96&d=mm&r=g","contentUrl":"https:\/\/secure.gravatar.com\/avatar\/3d8771e958295f415804336505f0c6faebfe16c066754f8f90e0b5a1023ffc77?s=96&d=mm&r=g","caption":"admin"},"sameAs":["https:\/\/filmsenoff.com"],"url":"https:\/\/filmsenoff.com\/es\/author\/fims-83icvyff\/"}]}},"_links":{"self":[{"href":"https:\/\/filmsenoff.com\/es\/wp-json\/wp\/v2\/posts\/2855","targetHints":{"allow":["GET"]}}],"collection":[{"href":"https:\/\/filmsenoff.com\/es\/wp-json\/wp\/v2\/posts"}],"about":[{"href":"https:\/\/filmsenoff.com\/es\/wp-json\/wp\/v2\/types\/post"}],"author":[{"embeddable":true,"href":"https:\/\/filmsenoff.com\/es\/wp-json\/wp\/v2\/users\/1"}],"replies":[{"embeddable":true,"href":"https:\/\/filmsenoff.com\/es\/wp-json\/wp\/v2\/comments?post=2855"}],"version-history":[{"count":1,"href":"https:\/\/filmsenoff.com\/es\/wp-json\/wp\/v2\/posts\/2855\/revisions"}],"predecessor-version":[{"id":2856,"href":"https:\/\/filmsenoff.com\/es\/wp-json\/wp\/v2\/posts\/2855\/revisions\/2856"}],"wp:featuredmedia":[{"embeddable":true,"href":"https:\/\/filmsenoff.com\/es\/wp-json\/wp\/v2\/media\/2853"}],"wp:attachment":[{"href":"https:\/\/filmsenoff.com\/es\/wp-json\/wp\/v2\/media?parent=2855"}],"wp:term":[{"taxonomy":"category","embeddable":true,"href":"https:\/\/filmsenoff.com\/es\/wp-json\/wp\/v2\/categories?post=2855"},{"taxonomy":"post_tag","embeddable":true,"href":"https:\/\/filmsenoff.com\/es\/wp-json\/wp\/v2\/tags?post=2855"}],"curies":[{"name":"wp","href":"https:\/\/api.w.org\/{rel}","templated":true}]}}