{"id":12440,"date":"2022-08-12T12:03:00","date_gmt":"2022-08-12T10:03:00","guid":{"rendered":"https:\/\/filmsenoff.com\/festival\/presentamos-en-off-film-festival-el-nuevo-festival-de-cortometrajes-catalan\/"},"modified":"2024-10-28T17:28:08","modified_gmt":"2024-10-28T15:28:08","slug":"presentamos-en-off-film-festival-el-nuevo-festival-de-cortometrajes-catalan","status":"publish","type":"post","link":"https:\/\/filmsenoff.com\/festival\/es\/presentamos-en-off-film-festival-el-nuevo-festival-de-cortometrajes-catalan\/","title":{"rendered":"Presentamos EN OFF FILM Festival, el nuevo festival de cortometrajes catal\u00e1n."},"content":{"rendered":"\n<p>Hoy tenemos el placer de presentaros el p\u00f3ster y la web del<strong> EN OFF Film festival<\/strong>, un festival internacional de cortometrajes de ficci\u00f3n, animaci\u00f3n y documental, que nace con el objetivo de convertirse en un festival de referencia que acerque la cultura cinematogr\u00e1fica, los nuevos talentos y las nuevas formas de entender el cine en la poblaci\u00f3n de Catalu\u00f1a.<\/p>\n\n<p>Con las secciones de <strong>Versi\u00f3n Original en Catal\u00e1n<\/strong>, <strong>Internacional<\/strong>, <strong>Videoclips <\/strong>y <strong>microcortos<\/strong>, EN OFF film festival hace su estreno en versi\u00f3n mixta con unos <em>pasos <\/em>privados a los que asistir\u00e1n el jurado, invitados y participantes.<\/p>\n\n<p>El festival tendr\u00e1 lugar del <strong>29 de agosto al 4 de septiembre del 2022<\/strong> y las inscripciones se abrir\u00e1n durante el mes de febrero. Desde el inicio se trabajar\u00e1 para generar contenido virtual con entrevistas a los seleccionados y profesionales relacionados con el mundo del cortometraje. <\/p>\n\n<p>El proceso de inscripci\u00f3n se realizar\u00e1 en formato online a trav\u00e9s de <a href=\"http:\/\/www.filmfreeway.com\">www.filmfreeway.com<\/a><\/p>\n\n<p>Y el plazo de inscripci\u00f3n finalizar\u00e1 el <strong>31 de julio de 2022.<\/strong><\/p>\n\n<p>Todos los interesados en inscribirse en En OFF Film Festival pueden encontrar las bases del festival en la web oficial (<a href=\"http:\/\/www.filmsenoff.com\/festival\">www.filmsenoff.com\/festival<\/a>)<\/p>\n\n<p><\/p>\n\n<p>Hoy tenemos el placer de presentaros el p\u00f3ster y la web del<strong> EN OFF Film festival<\/strong>, un festival internacional de cortometrajes de ficci\u00f3n, animaci\u00f3n y documental, que nace con el objetivo de convertirse en un festival de referencia que acerque la cultura cinematogr\u00e1fica, los nuevos talentos y las nuevas formas de entender el cine en la poblaci\u00f3n de Catalu\u00f1a.<\/p>\n\n<p>Con las secciones de <strong>Versi\u00f3n Original en Catal\u00e1n<\/strong>, <strong>Internacional<\/strong>, <strong>Videoclips <\/strong>y <strong>microcortos<\/strong>, EN OFF film festival hace su estreno en versi\u00f3n mixta con unos <em>pasos <\/em>privados a los que asistir\u00e1n el jurado, invitados y participantes.<\/p>\n\n<p>El festival tendr\u00e1 lugar del <strong>29 de agosto al 4 de septiembre del 2022<\/strong> y las inscripciones se abrir\u00e1n durante el mes de febrero. Desde el inicio se trabajar\u00e1 para generar contenido virtual con entrevistas a los seleccionados y profesionales relacionados con el mundo del cortometraje. <\/p>\n\n<p>El proceso de inscripci\u00f3n se realizar\u00e1 en formato online a trav\u00e9s de <a href=\"http:\/\/www.filmfreeway.com\">www.filmfreeway.com<\/a><\/p>\n\n<p>Y el plazo de inscripci\u00f3n finalizar\u00e1 el <strong>31 de julio de 2022.<\/strong><\/p>\n\n<p>Todos los interesados en inscribirse en En OFF Film Festival pueden encontrar las bases del festival en la web oficial (<a href=\"http:\/\/www.filmsenoff.com\/festival\">www.filmsenoff.com\/festival<\/a>)<\/p>\n","protected":false},"excerpt":{"rendered":"<p>Hoy tenemos el placer de presentaros el p\u00f3ster y la web del EN OFF Film festival, un festival internacional de cortometrajes de ficci\u00f3n, animaci\u00f3n y documental, que nace con el objetivo de convertirse en un festival de referencia que acerque la cultura cinematogr\u00e1fica, los nuevos [&hellip;]<\/p>\n","protected":false},"author":1,"featured_media":12108,"comment_status":"closed","ping_status":"open","sticky":false,"template":"","format":"standard","meta":{"footnotes":""},"categories":[95],"tags":[],"class_list":["post-12440","post","type-post","status-publish","format-standard","has-post-thumbnail","hentry","category-sin-categorizar"],"_links":{"self":[{"href":"https:\/\/filmsenoff.com\/festival\/es\/wp-json\/wp\/v2\/posts\/12440","targetHints":{"allow":["GET"]}}],"collection":[{"href":"https:\/\/filmsenoff.com\/festival\/es\/wp-json\/wp\/v2\/posts"}],"about":[{"href":"https:\/\/filmsenoff.com\/festival\/es\/wp-json\/wp\/v2\/types\/post"}],"author":[{"embeddable":true,"href":"https:\/\/filmsenoff.com\/festival\/es\/wp-json\/wp\/v2\/users\/1"}],"replies":[{"embeddable":true,"href":"https:\/\/filmsenoff.com\/festival\/es\/wp-json\/wp\/v2\/comments?post=12440"}],"version-history":[{"count":1,"href":"https:\/\/filmsenoff.com\/festival\/es\/wp-json\/wp\/v2\/posts\/12440\/revisions"}],"predecessor-version":[{"id":12441,"href":"https:\/\/filmsenoff.com\/festival\/es\/wp-json\/wp\/v2\/posts\/12440\/revisions\/12441"}],"wp:featuredmedia":[{"embeddable":true,"href":"https:\/\/filmsenoff.com\/festival\/es\/wp-json\/wp\/v2\/media\/12108"}],"wp:attachment":[{"href":"https:\/\/filmsenoff.com\/festival\/es\/wp-json\/wp\/v2\/media?parent=12440"}],"wp:term":[{"taxonomy":"category","embeddable":true,"href":"https:\/\/filmsenoff.com\/festival\/es\/wp-json\/wp\/v2\/categories?post=12440"},{"taxonomy":"post_tag","embeddable":true,"href":"https:\/\/filmsenoff.com\/festival\/es\/wp-json\/wp\/v2\/tags?post=12440"}],"curies":[{"name":"wp","href":"https:\/\/api.w.org\/{rel}","templated":true}]}}